{"id":10018,"date":"2024-05-02T14:54:38","date_gmt":"2024-05-02T14:54:38","guid":{"rendered":"https:\/\/niubox.legal\/derecho-al-olvido-digital-en-la-region-andina-desafios-antecedentes-y-reflexiones\/"},"modified":"2024-05-02T14:54:38","modified_gmt":"2024-05-02T14:54:38","slug":"derecho-al-olvido-digital-en-la-region-andina-desafios-antecedentes-y-reflexiones","status":"publish","type":"post","link":"https:\/\/niubox.legal\/en\/derecho-al-olvido-digital-en-la-region-andina-desafios-antecedentes-y-reflexiones\/","title":{"rendered":"Derecho al olvido digital en la regi\u00f3n andina: desaf\u00edos, antecedentes y reflexiones"},"content":{"rendered":"<p>La propuesta de regular el &#8220;derecho al olvido digital&#8221; a nivel comunitario andino, liderada por la parlamentaria andina peruana Leslye Lazo, ha generado un intenso debate en el \u00e1mbito de la protecci\u00f3n de datos y la privacidad en l\u00ednea. El denominado \u201cderecho al olvido\u201d busca permitir a las personas controlar la informaci\u00f3n personal que aparece en buscadores y redes sociales. Esto plantea desaf\u00edos significativos para su implementaci\u00f3n a nivel regional, especialmente considerando los antecedentes regulatorios en algunos pa\u00edses de la comunidad andina y la normativa europea sobre la materia.<\/p>\n<p>Recientemente, los equipos de Niubox en Per\u00fa y Ecuador, participamos activamente en una mesa t\u00e9cnica organizada por el despacho de la parlamentaria Lazo. En este espacio de discusi\u00f3n, junto a expertos y acad\u00e9micos de la regi\u00f3n, analizamos detalladamente el borrador del proyecto de norma que busca regular el derecho al olvido digital en los cuatro pa\u00edses andinos: Colombia, Ecuador, Bolivia y Per\u00fa.<\/p>\n<p>Una preocupaci\u00f3n central que ha surgido respecto a esta propuesta es la posible duplicidad con los marcos normativos existentes de protecci\u00f3n de datos personales en cada pa\u00eds. La protecci\u00f3n de los datos es fundamental en la era digital y cualquier nueva regulaci\u00f3n debe ser cuidadosamente dise\u00f1ada para no afectar negativamente otros derechos fundamentales, como la libertad de expresi\u00f3n y de informaci\u00f3n, garantizados constitucionalmente en nuestros pa\u00edses.<\/p>\n<p>Es importante destacar que algunos pa\u00edses de la comunidad andina a\u00fan no cuentan con leyes espec\u00edficas de protecci\u00f3n de datos personales, como es el caso de Bolivia. Por otro lado, pa\u00edses como Per\u00fa y Colombia ya tienen un marco normativo establecido en este \u00e1mbito, mientras que Ecuador se encuentra estrenando el mismo. Estos contextos diversos dentro de la regi\u00f3n deben ser considerados al discutir la implementaci\u00f3n de una regulaci\u00f3n regional sobre el derecho al olvido digital.<\/p>\n<p>La norma propuesta tiene buenas intenciones al buscar proteger los derechos a la intimidad, imagen y honor de las personas, especialmente frente a la difusi\u00f3n de sus datos personales en medios digitales. Sin embargo, es fundamental cuestionar si se ha realizado un adecuado an\u00e1lisis de impacto regulatorio (AIR) que eval\u00fae los posibles efectos y consecuencias de esta regulaci\u00f3n.<\/p>\n<p>El borrador del proyecto de norma plantea varias preocupaciones concretas que deben ser abordadas antes de su aprobaci\u00f3n:<\/p>\n<ol>\n<li><strong>Superposici\u00f3n normativa en protecci\u00f3n de datos personales:<\/strong> Es esencial evitar que la regulaci\u00f3n del derecho al olvido digital genere una carga regulatoria adicional para Estados, empresas y ciudadanos, especialmente si ya existen marcos normativos s\u00f3lidos en materia de protecci\u00f3n de datos personales. El proyecto de norma reproduce fragmentos casi textuales de contenidos ya desarrollados en leyes de protecci\u00f3n de datos personales de la regi\u00f3n.<\/li>\n<li><strong>Impacto en libertades informativas y de expresi\u00f3n<\/strong>: Cualquier regulaci\u00f3n en este sentido debe encontrar un equilibrio delicado entre el derecho a la privacidad y el derecho a la informaci\u00f3n y la libertad de expresi\u00f3n. Un enfoque demasiado restrictivo y absoluto, como el que se desprende de la definici\u00f3n de \u201cderecho al olvido\u201d propuesta, tendr\u00e1 consecuencias negativas en el acceso a la informaci\u00f3n veraz y relevante como lo revela la experiencia europea.<\/li>\n<li><strong>Diferenciaci\u00f3n de derechos involucrados<\/strong>: La diferenciaci\u00f3n de los derechos fundamentales involucrados es clave para comprender la complejidad del proyecto normativo. \u00c9ste propone un derecho al olvido absoluto que abarca distintos derechos fundamentales, cada uno con protecciones constitucionales diferenciadas. Entre estos derechos se encuentran la intimidad, la imagen y el honor de las personas, as\u00ed como la protecci\u00f3n de sus datos personales.<\/li>\n<li><strong>Existencia de mecanismos legales preexistentes:<\/strong> Los pa\u00edses de la regi\u00f3n andina ya contemplan mecanismos penales y administrativos que permiten a las personas oponerse al tratamiento de sus datos personales. Por ejemplo, en el caso peruano, se sanciona penalmente la difusi\u00f3n de material sexual sin autorizaci\u00f3n con penas que van desde dos a cinco a\u00f1os de prisi\u00f3n y multas. Es necesario revisar la existencia de mecanismos preexistentes que ya permiten atender los objetivos perseguidos por la norma propuesta, de lo contrario corremos el riesgo de generar una redundancia regulatoria innecesaria e inconsistente con el ordenamiento jur\u00eddico en su conjunto.<\/li>\n<li><strong>Garant\u00edas judiciales:<\/strong> Como hemos se\u00f1alado, las iniciativas sobre derecho al olvido suelen colisionar con otros derechos fundamentales. En ese sentido, es importante que ante cualquier restricci\u00f3n de derechos, sea un juez quien eval\u00fae -caso por caso- si procede o no la petici\u00f3n. Para ello, existen mecanismos como los test de ponderaci\u00f3n de derechos, para analizar si la satisfacci\u00f3n de uno de los derechos, ser\u00e1 proporcional a la afectaci\u00f3n al derecho contrapuesto.<\/li>\n<\/ol>\n<p>En conclusi\u00f3n, la discusi\u00f3n en torno al derecho al olvido digital en la regi\u00f3n andina es compleja y requiere un enfoque cuidadoso y equilibrado. Si bien es importante garantizar la protecci\u00f3n de los derechos fundamentales de las personas en el entorno digital, tambi\u00e9n es crucial no limitar la libertad de expresi\u00f3n y el libre flujo de la informaci\u00f3n.<\/p>\n<p>Antes de implementar cualquier regulaci\u00f3n, es necesario realizar un an\u00e1lisis exhaustivo de sus posibles impactos y consecuencias, considerando los marcos normativos existentes, los mecanismos legales preexistentes y las experiencias regulatorias en otras regiones del mundo, como la Uni\u00f3n Europea.<\/p>\n<p>En este sentido, es fundamental la participaci\u00f3n amplia y activa de todos los actores involucrados, incluyendo la sociedad civil, la academia, la industria y los organismos reguladores, para garantizar que cualquier normativa que se adopte sea efectiva, equitativa y respetuosa de los derechos y libertades de todas las personas en el entorno digital de andino.<\/p>\n<p>Si necesitas asesor\u00eda implementando estas recomendaciones no dudes en contactar a alguno de nuestros especialistas en\u00a0<a href=\"mailto:contacto@niubox.legal\">contacto@niubox.legal<\/a><\/p>\n<p><a href=\"https:\/\/niubox.legal\/en\/\"><em>Niubox<\/em><\/a><em>\u00a0es una consultora que ofrece asesor\u00eda legal, consultor\u00eda estrat\u00e9gica en asuntos p\u00fablicos y regulatorios e innovaci\u00f3n legal. Conoce nuestros servicios en Per\u00fa, Ecuador y Colombia: tecnolog\u00eda y negocios digitales, \u202finnovaci\u00f3n legal y legaltech, protecci\u00f3n de datos personales y ciberseguridad, asuntos p\u00fablicos y regulatorios, transformaci\u00f3n digital, regulaci\u00f3n fintech y de criptoactivos, telecomunicaciones y competencia, consumidor y propiedad intelectual.<\/em><\/p>\n","protected":false},"excerpt":{"rendered":"<p>La propuesta de regular el &#8220;derecho al olvido digital&#8221; a nivel comunitario andino, liderada por la parlamentaria andina peruana Leslye Lazo, ha generado un intenso debate en el \u00e1mbito de la protecci\u00f3n de datos y la privacidad en l\u00ednea. <\/p>\n","protected":false},"author":1,"featured_media":9992,"comment_status":"open","ping_status":"closed","sticky":false,"template":"","format":"standard","meta":{"footnotes":""},"categories":[1],"tags":[],"class_list":["post-10018","post","type-post","status-publish","format-standard","has-post-thumbnail","hentry","category-sin-categorizar"],"yoast_head":"<!-- This site is optimized with the Yoast SEO plugin v27.4 - https:\/\/yoast.com\/product\/yoast-seo-wordpress\/ -->\n<title>Derecho al olvido digital en la regi\u00f3n andina: desaf\u00edos, antecedentes y reflexiones - Niubox<\/title>\n<meta name=\"robots\" content=\"index, follow, max-snippet:-1, max-image-preview:large, max-video-preview:-1\" \/>\n<link rel=\"canonical\" href=\"https:\/\/niubox.legal\/en\/derecho-al-olvido-digital-en-la-region-andina-desafios-antecedentes-y-reflexiones\/\" \/>\n<meta property=\"og:locale\" content=\"en_US\" \/>\n<meta property=\"og:type\" content=\"article\" \/>\n<meta property=\"og:title\" content=\"Derecho al olvido digital en la regi\u00f3n andina: desaf\u00edos, antecedentes y reflexiones - Niubox\" \/>\n<meta property=\"og:description\" content=\"La propuesta de regular el &quot;derecho al olvido digital&quot; a nivel comunitario andino, liderada por la parlamentaria andina peruana Leslye Lazo, ha generado un intenso debate en el \u00e1mbito de la protecci\u00f3n de datos y la privacidad en l\u00ednea.\" \/>\n<meta property=\"og:url\" content=\"https:\/\/niubox.legal\/en\/derecho-al-olvido-digital-en-la-region-andina-desafios-antecedentes-y-reflexiones\/\" \/>\n<meta property=\"og:site_name\" content=\"Niubox\" \/>\n<meta property=\"article:publisher\" content=\"https:\/\/www.facebook.com\/Niuboxlegal\/\" \/>\n<meta property=\"article:published_time\" content=\"2024-05-02T14:54:38+00:00\" \/>\n<meta property=\"og:image\" content=\"https:\/\/niubox.legal\/wp-content\/uploads\/2024\/02\/Niubox_web.jpg\" \/>\n\t<meta property=\"og:image:width\" content=\"1000\" \/>\n\t<meta property=\"og:image:height\" content=\"648\" \/>\n\t<meta property=\"og:image:type\" content=\"image\/jpeg\" \/>\n<meta name=\"author\" content=\"Niubox\" \/>\n<meta name=\"twitter:card\" content=\"summary_large_image\" \/>\n<meta name=\"twitter:creator\" content=\"@niuboxlegal\" \/>\n<meta name=\"twitter:site\" content=\"@niuboxlegal\" \/>\n<meta name=\"twitter:label1\" content=\"Written by\" \/>\n\t<meta name=\"twitter:data1\" content=\"Niubox\" \/>\n\t<meta name=\"twitter:label2\" content=\"Est. reading time\" \/>\n\t<meta name=\"twitter:data2\" content=\"5 minutes\" \/>\n<script type=\"application\/ld+json\" class=\"yoast-schema-graph\">{\"@context\":\"https:\\\/\\\/schema.org\",\"@graph\":[{\"@type\":\"Article\",\"@id\":\"https:\\\/\\\/niubox.legal\\\/en\\\/derecho-al-olvido-digital-en-la-region-andina-desafios-antecedentes-y-reflexiones\\\/#article\",\"isPartOf\":{\"@id\":\"https:\\\/\\\/niubox.legal\\\/en\\\/derecho-al-olvido-digital-en-la-region-andina-desafios-antecedentes-y-reflexiones\\\/\"},\"author\":{\"name\":\"Niubox\",\"@id\":\"https:\\\/\\\/niubox.legal\\\/en\\\/#\\\/schema\\\/person\\\/0530c22e32ab9a57a3da1065acf87b9a\"},\"headline\":\"Derecho al olvido digital en la regi\u00f3n andina: desaf\u00edos, antecedentes y reflexiones\",\"datePublished\":\"2024-05-02T14:54:38+00:00\",\"mainEntityOfPage\":{\"@id\":\"https:\\\/\\\/niubox.legal\\\/en\\\/derecho-al-olvido-digital-en-la-region-andina-desafios-antecedentes-y-reflexiones\\\/\"},\"wordCount\":1064,\"commentCount\":0,\"publisher\":{\"@id\":\"https:\\\/\\\/niubox.legal\\\/en\\\/#organization\"},\"image\":{\"@id\":\"https:\\\/\\\/niubox.legal\\\/en\\\/derecho-al-olvido-digital-en-la-region-andina-desafios-antecedentes-y-reflexiones\\\/#primaryimage\"},\"thumbnailUrl\":\"https:\\\/\\\/niubox.legal\\\/wp-content\\\/uploads\\\/2024\\\/05\\\/IMG_2583_1.png\",\"articleSection\":[\"Sin categorizar\"],\"inLanguage\":\"en-US\",\"potentialAction\":[{\"@type\":\"CommentAction\",\"name\":\"Comment\",\"target\":[\"https:\\\/\\\/niubox.legal\\\/en\\\/derecho-al-olvido-digital-en-la-region-andina-desafios-antecedentes-y-reflexiones\\\/#respond\"]}]},{\"@type\":\"WebPage\",\"@id\":\"https:\\\/\\\/niubox.legal\\\/en\\\/derecho-al-olvido-digital-en-la-region-andina-desafios-antecedentes-y-reflexiones\\\/\",\"url\":\"https:\\\/\\\/niubox.legal\\\/en\\\/derecho-al-olvido-digital-en-la-region-andina-desafios-antecedentes-y-reflexiones\\\/\",\"name\":\"Derecho al olvido digital en la regi\u00f3n andina: desaf\u00edos, antecedentes y reflexiones - Niubox\",\"isPartOf\":{\"@id\":\"https:\\\/\\\/niubox.legal\\\/en\\\/#website\"},\"primaryImageOfPage\":{\"@id\":\"https:\\\/\\\/niubox.legal\\\/en\\\/derecho-al-olvido-digital-en-la-region-andina-desafios-antecedentes-y-reflexiones\\\/#primaryimage\"},\"image\":{\"@id\":\"https:\\\/\\\/niubox.legal\\\/en\\\/derecho-al-olvido-digital-en-la-region-andina-desafios-antecedentes-y-reflexiones\\\/#primaryimage\"},\"thumbnailUrl\":\"https:\\\/\\\/niubox.legal\\\/wp-content\\\/uploads\\\/2024\\\/05\\\/IMG_2583_1.png\",\"datePublished\":\"2024-05-02T14:54:38+00:00\",\"breadcrumb\":{\"@id\":\"https:\\\/\\\/niubox.legal\\\/en\\\/derecho-al-olvido-digital-en-la-region-andina-desafios-antecedentes-y-reflexiones\\\/#breadcrumb\"},\"inLanguage\":\"en-US\",\"potentialAction\":[{\"@type\":\"ReadAction\",\"target\":[\"https:\\\/\\\/niubox.legal\\\/en\\\/derecho-al-olvido-digital-en-la-region-andina-desafios-antecedentes-y-reflexiones\\\/\"]}]},{\"@type\":\"ImageObject\",\"inLanguage\":\"en-US\",\"@id\":\"https:\\\/\\\/niubox.legal\\\/en\\\/derecho-al-olvido-digital-en-la-region-andina-desafios-antecedentes-y-reflexiones\\\/#primaryimage\",\"url\":\"https:\\\/\\\/niubox.legal\\\/wp-content\\\/uploads\\\/2024\\\/05\\\/IMG_2583_1.png\",\"contentUrl\":\"https:\\\/\\\/niubox.legal\\\/wp-content\\\/uploads\\\/2024\\\/05\\\/IMG_2583_1.png\",\"width\":1479,\"height\":863},{\"@type\":\"BreadcrumbList\",\"@id\":\"https:\\\/\\\/niubox.legal\\\/en\\\/derecho-al-olvido-digital-en-la-region-andina-desafios-antecedentes-y-reflexiones\\\/#breadcrumb\",\"itemListElement\":[{\"@type\":\"ListItem\",\"position\":1,\"name\":\"Portada\",\"item\":\"https:\\\/\\\/niubox.legal\\\/en\\\/\"},{\"@type\":\"ListItem\",\"position\":2,\"name\":\"Derecho al olvido digital en la regi\u00f3n andina: desaf\u00edos, antecedentes y reflexiones\"}]},{\"@type\":\"WebSite\",\"@id\":\"https:\\\/\\\/niubox.legal\\\/en\\\/#website\",\"url\":\"https:\\\/\\\/niubox.legal\\\/en\\\/\",\"name\":\"Niubox.legal\",\"description\":\"Niubox es una firma pionera en asesor\u00eda legal especializada en tecnolog\u00eda y negocios digitales, asuntos p\u00fablicos y regulatorios e innovaci\u00f3n legal en Per\u00fa y Ecuador\",\"publisher\":{\"@id\":\"https:\\\/\\\/niubox.legal\\\/en\\\/#organization\"},\"potentialAction\":[{\"@type\":\"SearchAction\",\"target\":{\"@type\":\"EntryPoint\",\"urlTemplate\":\"https:\\\/\\\/niubox.legal\\\/en\\\/?s={search_term_string}\"},\"query-input\":{\"@type\":\"PropertyValueSpecification\",\"valueRequired\":true,\"valueName\":\"search_term_string\"}}],\"inLanguage\":\"en-US\"},{\"@type\":\"Organization\",\"@id\":\"https:\\\/\\\/niubox.legal\\\/en\\\/#organization\",\"name\":\"Niubox Legal\",\"url\":\"https:\\\/\\\/niubox.legal\\\/en\\\/\",\"logo\":{\"@type\":\"ImageObject\",\"inLanguage\":\"en-US\",\"@id\":\"https:\\\/\\\/niubox.legal\\\/en\\\/#\\\/schema\\\/logo\\\/image\\\/\",\"url\":\"https:\\\/\\\/niubox.legal\\\/wp-content\\\/uploads\\\/2024\\\/02\\\/Niubox_web.jpg\",\"contentUrl\":\"https:\\\/\\\/niubox.legal\\\/wp-content\\\/uploads\\\/2024\\\/02\\\/Niubox_web.jpg\",\"width\":1000,\"height\":648,\"caption\":\"Niubox Legal\"},\"image\":{\"@id\":\"https:\\\/\\\/niubox.legal\\\/en\\\/#\\\/schema\\\/logo\\\/image\\\/\"},\"sameAs\":[\"https:\\\/\\\/www.facebook.com\\\/Niuboxlegal\\\/\",\"https:\\\/\\\/x.com\\\/niuboxlegal\",\"https:\\\/\\\/www.instagram.com\\\/niuboxlegal\\\/\",\"https:\\\/\\\/www.linkedin.com\\\/company\\\/niuboxlegal\\\/\"]},{\"@type\":\"Person\",\"@id\":\"https:\\\/\\\/niubox.legal\\\/en\\\/#\\\/schema\\\/person\\\/0530c22e32ab9a57a3da1065acf87b9a\",\"name\":\"Niubox\",\"image\":{\"@type\":\"ImageObject\",\"inLanguage\":\"en-US\",\"@id\":\"https:\\\/\\\/secure.gravatar.com\\\/avatar\\\/402b3e000f5babe43533e9d63547871174c04eb29bd77348c53ef427588343c7?s=96&d=mm&r=g\",\"url\":\"https:\\\/\\\/secure.gravatar.com\\\/avatar\\\/402b3e000f5babe43533e9d63547871174c04eb29bd77348c53ef427588343c7?s=96&d=mm&r=g\",\"contentUrl\":\"https:\\\/\\\/secure.gravatar.com\\\/avatar\\\/402b3e000f5babe43533e9d63547871174c04eb29bd77348c53ef427588343c7?s=96&d=mm&r=g\",\"caption\":\"Niubox\"},\"sameAs\":[\"https:\\\/\\\/niubox.legal\"]}]}<\/script>\n<!-- \/ Yoast SEO plugin. -->","yoast_head_json":{"title":"Derecho al olvido digital en la regi\u00f3n andina: desaf\u00edos, antecedentes y reflexiones - Niubox","robots":{"index":"index","follow":"follow","max-snippet":"max-snippet:-1","max-image-preview":"max-image-preview:large","max-video-preview":"max-video-preview:-1"},"canonical":"https:\/\/niubox.legal\/en\/derecho-al-olvido-digital-en-la-region-andina-desafios-antecedentes-y-reflexiones\/","og_locale":"en_US","og_type":"article","og_title":"Derecho al olvido digital en la regi\u00f3n andina: desaf\u00edos, antecedentes y reflexiones - Niubox","og_description":"La propuesta de regular el \"derecho al olvido digital\" a nivel comunitario andino, liderada por la parlamentaria andina peruana Leslye Lazo, ha generado un intenso debate en el \u00e1mbito de la protecci\u00f3n de datos y la privacidad en l\u00ednea.","og_url":"https:\/\/niubox.legal\/en\/derecho-al-olvido-digital-en-la-region-andina-desafios-antecedentes-y-reflexiones\/","og_site_name":"Niubox","article_publisher":"https:\/\/www.facebook.com\/Niuboxlegal\/","article_published_time":"2024-05-02T14:54:38+00:00","og_image":[{"width":1000,"height":648,"url":"https:\/\/niubox.legal\/wp-content\/uploads\/2024\/02\/Niubox_web.jpg","type":"image\/jpeg"}],"author":"Niubox","twitter_card":"summary_large_image","twitter_creator":"@niuboxlegal","twitter_site":"@niuboxlegal","twitter_misc":{"Written by":"Niubox","Est. reading time":"5 minutes"},"schema":{"@context":"https:\/\/schema.org","@graph":[{"@type":"Article","@id":"https:\/\/niubox.legal\/en\/derecho-al-olvido-digital-en-la-region-andina-desafios-antecedentes-y-reflexiones\/#article","isPartOf":{"@id":"https:\/\/niubox.legal\/en\/derecho-al-olvido-digital-en-la-region-andina-desafios-antecedentes-y-reflexiones\/"},"author":{"name":"Niubox","@id":"https:\/\/niubox.legal\/en\/#\/schema\/person\/0530c22e32ab9a57a3da1065acf87b9a"},"headline":"Derecho al olvido digital en la regi\u00f3n andina: desaf\u00edos, antecedentes y reflexiones","datePublished":"2024-05-02T14:54:38+00:00","mainEntityOfPage":{"@id":"https:\/\/niubox.legal\/en\/derecho-al-olvido-digital-en-la-region-andina-desafios-antecedentes-y-reflexiones\/"},"wordCount":1064,"commentCount":0,"publisher":{"@id":"https:\/\/niubox.legal\/en\/#organization"},"image":{"@id":"https:\/\/niubox.legal\/en\/derecho-al-olvido-digital-en-la-region-andina-desafios-antecedentes-y-reflexiones\/#primaryimage"},"thumbnailUrl":"https:\/\/niubox.legal\/wp-content\/uploads\/2024\/05\/IMG_2583_1.png","articleSection":["Sin categorizar"],"inLanguage":"en-US","potentialAction":[{"@type":"CommentAction","name":"Comment","target":["https:\/\/niubox.legal\/en\/derecho-al-olvido-digital-en-la-region-andina-desafios-antecedentes-y-reflexiones\/#respond"]}]},{"@type":"WebPage","@id":"https:\/\/niubox.legal\/en\/derecho-al-olvido-digital-en-la-region-andina-desafios-antecedentes-y-reflexiones\/","url":"https:\/\/niubox.legal\/en\/derecho-al-olvido-digital-en-la-region-andina-desafios-antecedentes-y-reflexiones\/","name":"Derecho al olvido digital en la regi\u00f3n andina: desaf\u00edos, antecedentes y reflexiones - Niubox","isPartOf":{"@id":"https:\/\/niubox.legal\/en\/#website"},"primaryImageOfPage":{"@id":"https:\/\/niubox.legal\/en\/derecho-al-olvido-digital-en-la-region-andina-desafios-antecedentes-y-reflexiones\/#primaryimage"},"image":{"@id":"https:\/\/niubox.legal\/en\/derecho-al-olvido-digital-en-la-region-andina-desafios-antecedentes-y-reflexiones\/#primaryimage"},"thumbnailUrl":"https:\/\/niubox.legal\/wp-content\/uploads\/2024\/05\/IMG_2583_1.png","datePublished":"2024-05-02T14:54:38+00:00","breadcrumb":{"@id":"https:\/\/niubox.legal\/en\/derecho-al-olvido-digital-en-la-region-andina-desafios-antecedentes-y-reflexiones\/#breadcrumb"},"inLanguage":"en-US","potentialAction":[{"@type":"ReadAction","target":["https:\/\/niubox.legal\/en\/derecho-al-olvido-digital-en-la-region-andina-desafios-antecedentes-y-reflexiones\/"]}]},{"@type":"ImageObject","inLanguage":"en-US","@id":"https:\/\/niubox.legal\/en\/derecho-al-olvido-digital-en-la-region-andina-desafios-antecedentes-y-reflexiones\/#primaryimage","url":"https:\/\/niubox.legal\/wp-content\/uploads\/2024\/05\/IMG_2583_1.png","contentUrl":"https:\/\/niubox.legal\/wp-content\/uploads\/2024\/05\/IMG_2583_1.png","width":1479,"height":863},{"@type":"BreadcrumbList","@id":"https:\/\/niubox.legal\/en\/derecho-al-olvido-digital-en-la-region-andina-desafios-antecedentes-y-reflexiones\/#breadcrumb","itemListElement":[{"@type":"ListItem","position":1,"name":"Portada","item":"https:\/\/niubox.legal\/en\/"},{"@type":"ListItem","position":2,"name":"Derecho al olvido digital en la regi\u00f3n andina: desaf\u00edos, antecedentes y reflexiones"}]},{"@type":"WebSite","@id":"https:\/\/niubox.legal\/en\/#website","url":"https:\/\/niubox.legal\/en\/","name":"Niubox.legal","description":"Niubox es una firma pionera en asesor\u00eda legal especializada en tecnolog\u00eda y negocios digitales, asuntos p\u00fablicos y regulatorios e innovaci\u00f3n legal en Per\u00fa y Ecuador","publisher":{"@id":"https:\/\/niubox.legal\/en\/#organization"},"potentialAction":[{"@type":"SearchAction","target":{"@type":"EntryPoint","urlTemplate":"https:\/\/niubox.legal\/en\/?s={search_term_string}"},"query-input":{"@type":"PropertyValueSpecification","valueRequired":true,"valueName":"search_term_string"}}],"inLanguage":"en-US"},{"@type":"Organization","@id":"https:\/\/niubox.legal\/en\/#organization","name":"Niubox Legal","url":"https:\/\/niubox.legal\/en\/","logo":{"@type":"ImageObject","inLanguage":"en-US","@id":"https:\/\/niubox.legal\/en\/#\/schema\/logo\/image\/","url":"https:\/\/niubox.legal\/wp-content\/uploads\/2024\/02\/Niubox_web.jpg","contentUrl":"https:\/\/niubox.legal\/wp-content\/uploads\/2024\/02\/Niubox_web.jpg","width":1000,"height":648,"caption":"Niubox Legal"},"image":{"@id":"https:\/\/niubox.legal\/en\/#\/schema\/logo\/image\/"},"sameAs":["https:\/\/www.facebook.com\/Niuboxlegal\/","https:\/\/x.com\/niuboxlegal","https:\/\/www.instagram.com\/niuboxlegal\/","https:\/\/www.linkedin.com\/company\/niuboxlegal\/"]},{"@type":"Person","@id":"https:\/\/niubox.legal\/en\/#\/schema\/person\/0530c22e32ab9a57a3da1065acf87b9a","name":"Niubox","image":{"@type":"ImageObject","inLanguage":"en-US","@id":"https:\/\/secure.gravatar.com\/avatar\/402b3e000f5babe43533e9d63547871174c04eb29bd77348c53ef427588343c7?s=96&d=mm&r=g","url":"https:\/\/secure.gravatar.com\/avatar\/402b3e000f5babe43533e9d63547871174c04eb29bd77348c53ef427588343c7?s=96&d=mm&r=g","contentUrl":"https:\/\/secure.gravatar.com\/avatar\/402b3e000f5babe43533e9d63547871174c04eb29bd77348c53ef427588343c7?s=96&d=mm&r=g","caption":"Niubox"},"sameAs":["https:\/\/niubox.legal"]}]}},"_links":{"self":[{"href":"https:\/\/niubox.legal\/en\/wp-json\/wp\/v2\/posts\/10018","targetHints":{"allow":["GET"]}}],"collection":[{"href":"https:\/\/niubox.legal\/en\/wp-json\/wp\/v2\/posts"}],"about":[{"href":"https:\/\/niubox.legal\/en\/wp-json\/wp\/v2\/types\/post"}],"author":[{"embeddable":true,"href":"https:\/\/niubox.legal\/en\/wp-json\/wp\/v2\/users\/1"}],"replies":[{"embeddable":true,"href":"https:\/\/niubox.legal\/en\/wp-json\/wp\/v2\/comments?post=10018"}],"version-history":[{"count":0,"href":"https:\/\/niubox.legal\/en\/wp-json\/wp\/v2\/posts\/10018\/revisions"}],"wp:featuredmedia":[{"embeddable":true,"href":"https:\/\/niubox.legal\/en\/wp-json\/wp\/v2\/media\/9992"}],"wp:attachment":[{"href":"https:\/\/niubox.legal\/en\/wp-json\/wp\/v2\/media?parent=10018"}],"wp:term":[{"taxonomy":"category","embeddable":true,"href":"https:\/\/niubox.legal\/en\/wp-json\/wp\/v2\/categories?post=10018"},{"taxonomy":"post_tag","embeddable":true,"href":"https:\/\/niubox.legal\/en\/wp-json\/wp\/v2\/tags?post=10018"}],"curies":[{"name":"wp","href":"https:\/\/api.w.org\/{rel}","templated":true}]}}